{"id":2736,"date":"2025-01-04T05:24:35","date_gmt":"2025-01-04T08:24:35","guid":{"rendered":"https:\/\/estudioscoreanos.com\/?p=2736"},"modified":"2025-01-04T05:37:29","modified_gmt":"2025-01-04T08:37:29","slug":"xiv-congreso-nacional-de-estudios-coreanos","status":"publish","type":"post","link":"https:\/\/estudioscoreanos.com\/index.php\/2025\/01\/04\/xiv-congreso-nacional-de-estudios-coreanos\/","title":{"rendered":"XIV Congreso Nacional de Estudios Coreanos"},"content":{"rendered":"\t\t<div data-elementor-type=\"wp-post\" data-elementor-id=\"2736\" class=\"elementor elementor-2736\">\n\t\t\t\t\t\t<section class=\"elementor-section elementor-top-section elementor-element elementor-element-2df6e9b elementor-section-boxed elementor-section-height-default elementor-section-height-default\" data-id=\"2df6e9b\" data-element_type=\"section\">\n\t\t\t\t\t\t<div class=\"elementor-container elementor-column-gap-default\">\n\t\t\t\t\t<div class=\"elementor-column elementor-col-100 elementor-top-column elementor-element elementor-element-814656f\" data-id=\"814656f\" data-element_type=\"column\">\n\t\t\t<div class=\"elementor-widget-wrap elementor-element-populated\">\n\t\t\t\t\t\t<div class=\"elementor-element elementor-element-38b0a34 elementor-widget elementor-widget-image\" data-id=\"38b0a34\" data-element_type=\"widget\" data-widget_type=\"image.default\">\n\t\t\t\t<div class=\"elementor-widget-container\">\n\t\t\t\t\t\t\t\t\t\t\t\t\t\t\t<img fetchpriority=\"high\" decoding=\"async\" width=\"567\" height=\"168\" src=\"https:\/\/estudioscoreanos.com\/wp-content\/uploads\/2025\/01\/14.png\" class=\"attachment-large size-large wp-image-2729\" alt=\"\" srcset=\"https:\/\/estudioscoreanos.com\/wp-content\/uploads\/2025\/01\/14.png 567w, https:\/\/estudioscoreanos.com\/wp-content\/uploads\/2025\/01\/14-300x89.png 300w\" sizes=\"(max-width: 567px) 100vw, 567px\" \/>\t\t\t\t\t\t\t\t\t\t\t\t\t\t\t<\/div>\n\t\t\t\t<\/div>\n\t\t\t\t<div class=\"elementor-element elementor-element-6d84883 elementor-widget elementor-widget-heading\" data-id=\"6d84883\" data-element_type=\"widget\" data-widget_type=\"heading.default\">\n\t\t\t\t<div class=\"elementor-widget-container\">\n\t\t\t\t\t<h1 class=\"elementor-heading-title elementor-size-default\">XIV Congreso Nacional de Estudios Coreanos<\/h1>\t\t\t\t<\/div>\n\t\t\t\t<\/div>\n\t\t\t\t<div class=\"elementor-element elementor-element-53a7347 elementor-widget elementor-widget-spacer\" data-id=\"53a7347\" data-element_type=\"widget\" data-widget_type=\"spacer.default\">\n\t\t\t\t<div class=\"elementor-widget-container\">\n\t\t\t\t\t\t\t<div class=\"elementor-spacer\">\n\t\t\t<div class=\"elementor-spacer-inner\"><\/div>\n\t\t<\/div>\n\t\t\t\t\t\t<\/div>\n\t\t\t\t<\/div>\n\t\t\t\t<div class=\"elementor-element elementor-element-34ea554 elementor-widget elementor-widget-text-editor\" data-id=\"34ea554\" data-element_type=\"widget\" data-widget_type=\"text-editor.default\">\n\t\t\t\t<div class=\"elementor-widget-container\">\n\t\t\t\t\t\t\t\t\t<p>El Centro de Estudios de Asia de la Escuela de Gobierno, Pol\u00edtica y Relaciones Internacionales de la Universidad Austral ha sido designado por la Asociaci\u00f3n Argentina de Estudios Coreanos para llevar adelante el XIV Congreso Nacional de Estudios Coreanos, el cual tendr\u00e1 lugar entre el 25 y 26 de junio de 2025, en la sede de la Universidad Austral en calle Cerrito 1250 de la Ciudad de Buenos Aires.<br>Este a\u00f1o conmemoramos tres hitos de la relaci\u00f3n entre la Rep\u00fablica Argentina y la Rep\u00fablica de Corea: los 20 a\u00f1os del I Congreso Nacional de Estudios Coreanos, los 60 a\u00f1os del inicio de la migraci\u00f3n coreana a Argentina y los 80 a\u00f1os de la formaci\u00f3n del Estado coreano tras la culminaci\u00f3n de la Segunda Guerra Mundial. De tal modo que, la Comisi\u00f3n Directiva del evento ha decidido que este XIV Congreso Nacional de Estudios Coreanos se titule \u201cPasado, presente y prospectiva de una amistad estrat\u00e9gica\u201d. Y convocamos a expertos a presentar ponencias en los siguientes ejes tem\u00e1ticos:<\/p>\t\t\t\t\t\t\t\t<\/div>\n\t\t\t\t<\/div>\n\t\t\t\t<div class=\"elementor-element elementor-element-317e96a elementor-widget elementor-widget-text-editor\" data-id=\"317e96a\" data-element_type=\"widget\" data-widget_type=\"text-editor.default\">\n\t\t\t\t<div class=\"elementor-widget-container\">\n\t\t\t\t\t\t\t\t\t<ul><li>&#8211; Formaci\u00f3n del Estado coreano y relaciones inter-coreanas<\/li><li>&#8211; Migraci\u00f3n de Corea en Argentina<\/li><li>&#8211; Gobierno, Pol\u00edtica y Sociedad en Corea<\/li><li>&#8211; Pol\u00edtica Exterior y Relaciones Internacionales de Corea<\/li><li>&#8211; El Conflicto Coreano y su vigencia en las relaciones internacionales<\/li><li>&#8211; Las transformaciones sociales y econ\u00f3micas de Corea<\/li><li>&#8211; Cultura y literatura de Corea y su expansi\u00f3n global<\/li><li>&#8211; Corea en la Cooperaci\u00f3n Internacional y la Gobernanza Global del siglo XXI<\/li><li>&#8211; Econom\u00eda y relaciones comerciales de Corea<\/li><li>&#8211; Relaciones Comerciales Mercosur-Corea<\/li><li>&#8211; Historia del v\u00ednculo entre Corea y Argentina<\/li><li>&#8211; Corea y su impacto en las tecnolog\u00edas<\/li><\/ul>\t\t\t\t\t\t\t\t<\/div>\n\t\t\t\t<\/div>\n\t\t\t\t<div class=\"elementor-element elementor-element-a32ffad elementor-align-center elementor-widget elementor-widget-button\" data-id=\"a32ffad\" data-element_type=\"widget\" data-widget_type=\"button.default\">\n\t\t\t\t<div class=\"elementor-widget-container\">\n\t\t\t\t\t\t\t\t\t<div class=\"elementor-button-wrapper\">\n\t\t\t\t\t<a class=\"elementor-button elementor-button-link elementor-size-sm\" href=\"https:\/\/estudioscoreanos.com\/wp-content\/uploads\/2025\/01\/1Convocatoria.AAEC_-1.pdf\">\n\t\t\t\t\t\t<span class=\"elementor-button-content-wrapper\">\n\t\t\t\t\t\t\t\t\t<span class=\"elementor-button-text\">M\u00c1S INFORMACI\u00d3N<\/span>\n\t\t\t\t\t<\/span>\n\t\t\t\t\t<\/a>\n\t\t\t\t<\/div>\n\t\t\t\t\t\t\t\t<\/div>\n\t\t\t\t<\/div>\n\t\t\t\t<div class=\"elementor-element elementor-element-13ba1ba elementor-widget elementor-widget-image\" data-id=\"13ba1ba\" data-element_type=\"widget\" data-widget_type=\"image.default\">\n\t\t\t\t<div class=\"elementor-widget-container\">\n\t\t\t\t\t\t\t\t\t\t\t\t\t\t\t\t<a href=\"https:\/\/estudioscoreanos.com\/wp-content\/uploads\/2025\/01\/1Convocatoria.AAEC_-1.pdf\">\n\t\t\t\t\t\t\t<img decoding=\"async\" width=\"40\" height=\"68\" src=\"https:\/\/estudioscoreanos.com\/wp-content\/uploads\/2023\/09\/b3615ac1b684476f8f0fb5d14121bec9.webp\" class=\"attachment-large size-large wp-image-1369\" alt=\"\" \/>\t\t\t\t\t\t\t\t<\/a>\n\t\t\t\t\t\t\t\t\t\t\t\t\t\t\t<\/div>\n\t\t\t\t<\/div>\n\t\t\t\t<div class=\"elementor-element elementor-element-d33991d elementor-arrows-position-inside elementor-pagination-position-outside elementor-widget elementor-widget-image-carousel\" data-id=\"d33991d\" data-element_type=\"widget\" data-settings=\"{&quot;slides_to_show&quot;:&quot;1&quot;,&quot;navigation&quot;:&quot;both&quot;,&quot;autoplay&quot;:&quot;yes&quot;,&quot;pause_on_hover&quot;:&quot;yes&quot;,&quot;pause_on_interaction&quot;:&quot;yes&quot;,&quot;autoplay_speed&quot;:5000,&quot;infinite&quot;:&quot;yes&quot;,&quot;effect&quot;:&quot;slide&quot;,&quot;speed&quot;:500}\" data-widget_type=\"image-carousel.default\">\n\t\t\t\t<div class=\"elementor-widget-container\">\n\t\t\t\t\t\t\t<div class=\"elementor-image-carousel-wrapper swiper\" role=\"region\" aria-roledescription=\"carousel\" aria-label=\"Carrusel de im\u00e1genes\" dir=\"ltr\">\n\t\t\t<div class=\"elementor-image-carousel swiper-wrapper swiper-image-stretch\" aria-live=\"off\">\n\t\t\t\t\t\t\t\t<div class=\"swiper-slide\" role=\"group\" aria-roledescription=\"slide\" aria-label=\"1 of 1\"><figure class=\"swiper-slide-inner\"><img decoding=\"async\" class=\"swiper-slide-image\" src=\"https:\/\/estudioscoreanos.com\/wp-content\/uploads\/2025\/01\/Sin-titulo-2-scaled.jpg\" alt=\"Sin t\u00edtulo-2\" \/><\/figure><\/div>\t\t\t<\/div>\n\t\t\t\t\t<\/div>\n\t\t\t\t\t\t<\/div>\n\t\t\t\t<\/div>\n\t\t\t\t\t<\/div>\n\t\t<\/div>\n\t\t\t\t\t<\/div>\n\t\t<\/section>\n\t\t\t\t<\/div>\n\t\t","protected":false},"excerpt":{"rendered":"<p>XIV Congreso Nacional de Estudios Coreanos El Centro de Estudios de Asia de la Escuela de Gobierno, Pol\u00edtica y Relaciones Internacionales de la Universidad Austral ha sido designado por la Asociaci\u00f3n Argentina de Estudios Coreanos para llevar adelante el XIV Congreso Nacional de Estudios Coreanos, el cual tendr\u00e1 lugar entre el 25 y 26 de &hellip;<\/p>\n<p class=\"read-more\"> <a class=\"\" href=\"https:\/\/estudioscoreanos.com\/index.php\/2025\/01\/04\/xiv-congreso-nacional-de-estudios-coreanos\/\"> <span class=\"screen-reader-text\">XIV Congreso Nacional de Estudios Coreanos<\/span> Leer m\u00e1s &raquo;<\/a><\/p>\n","protected":false},"author":1,"featured_media":0,"comment_status":"open","ping_status":"open","sticky":false,"template":"","format":"standard","meta":{"_monsterinsights_skip_tracking":false,"_monsterinsights_sitenote_active":false,"_monsterinsights_sitenote_note":"","_monsterinsights_sitenote_category":0,"site-sidebar-layout":"default","site-content-layout":"","ast-site-content-layout":"","site-content-style":"default","site-sidebar-style":"default","ast-global-header-display":"","ast-banner-title-visibility":"","ast-main-header-display":"","ast-hfb-above-header-display":"","ast-hfb-below-header-display":"","ast-hfb-mobile-header-display":"","site-post-title":"","ast-breadcrumbs-content":"","ast-featured-img":"","footer-sml-layout":"","theme-transparent-header-meta":"","adv-header-id-meta":"","stick-header-meta":"","header-above-stick-meta":"","header-main-stick-meta":"","header-below-stick-meta":"","astra-migrate-meta-layouts":"","footnotes":""},"categories":[1],"tags":[],"aioseo_notices":[],"rttpg_featured_image_url":null,"rttpg_author":{"display_name":"estudioscoreanos.com","author_link":"https:\/\/estudioscoreanos.com\/index.php\/author\/estudioscoreanos-com\/"},"rttpg_comment":0,"rttpg_category":"<a href=\"https:\/\/estudioscoreanos.com\/index.php\/category\/blog\/\" rel=\"category tag\">Blog<\/a>","rttpg_excerpt":"XIV Congreso Nacional de Estudios Coreanos El Centro de Estudios de Asia de la Escuela de Gobierno, Pol\u00edtica y Relaciones Internacionales de la Universidad Austral ha sido designado por la Asociaci\u00f3n Argentina de Estudios Coreanos para llevar adelante el XIV Congreso Nacional de Estudios Coreanos, el cual tendr\u00e1 lugar entre el 25 y 26 de&hellip;","_links":{"self":[{"href":"https:\/\/estudioscoreanos.com\/index.php\/wp-json\/wp\/v2\/posts\/2736"}],"collection":[{"href":"https:\/\/estudioscoreanos.com\/index.php\/wp-json\/wp\/v2\/posts"}],"about":[{"href":"https:\/\/estudioscoreanos.com\/index.php\/wp-json\/wp\/v2\/types\/post"}],"author":[{"embeddable":true,"href":"https:\/\/estudioscoreanos.com\/index.php\/wp-json\/wp\/v2\/users\/1"}],"replies":[{"embeddable":true,"href":"https:\/\/estudioscoreanos.com\/index.php\/wp-json\/wp\/v2\/comments?post=2736"}],"version-history":[{"count":3,"href":"https:\/\/estudioscoreanos.com\/index.php\/wp-json\/wp\/v2\/posts\/2736\/revisions"}],"predecessor-version":[{"id":2739,"href":"https:\/\/estudioscoreanos.com\/index.php\/wp-json\/wp\/v2\/posts\/2736\/revisions\/2739"}],"wp:attachment":[{"href":"https:\/\/estudioscoreanos.com\/index.php\/wp-json\/wp\/v2\/media?parent=2736"}],"wp:term":[{"taxonomy":"category","embeddable":true,"href":"https:\/\/estudioscoreanos.com\/index.php\/wp-json\/wp\/v2\/categories?post=2736"},{"taxonomy":"post_tag","embeddable":true,"href":"https:\/\/estudioscoreanos.com\/index.php\/wp-json\/wp\/v2\/tags?post=2736"}],"curies":[{"name":"wp","href":"https:\/\/api.w.org\/{rel}","templated":true}]}}