{"id":2031,"date":"2023-09-09T18:55:52","date_gmt":"2023-09-09T21:55:52","guid":{"rendered":"https:\/\/estudioscoreanos.com\/?p=2031"},"modified":"2023-09-11T20:47:41","modified_gmt":"2023-09-11T23:47:41","slug":"2o-encuentro-sobre-la-cultura-de-la-republica-de-corea","status":"publish","type":"post","link":"https:\/\/estudioscoreanos.com\/index.php\/2023\/09\/09\/2o-encuentro-sobre-la-cultura-de-la-republica-de-corea\/","title":{"rendered":"2\u00ba Encuentro sobre la Cultura de la Rep\u00fablica de Corea"},"content":{"rendered":"\t\t<div data-elementor-type=\"wp-post\" data-elementor-id=\"2031\" class=\"elementor elementor-2031\">\n\t\t\t\t\t\t<section class=\"elementor-section elementor-top-section elementor-element elementor-element-61984a9c elementor-section-boxed elementor-section-height-default elementor-section-height-default\" data-id=\"61984a9c\" data-element_type=\"section\">\n\t\t\t\t\t\t<div class=\"elementor-container elementor-column-gap-default\">\n\t\t\t\t\t<div class=\"elementor-column elementor-col-100 elementor-top-column elementor-element elementor-element-542cc646\" data-id=\"542cc646\" data-element_type=\"column\">\n\t\t\t<div class=\"elementor-widget-wrap elementor-element-populated\">\n\t\t\t\t\t\t<div class=\"elementor-element elementor-element-71210a17 elementor-widget elementor-widget-text-editor\" data-id=\"71210a17\" data-element_type=\"widget\" data-widget_type=\"text-editor.default\">\n\t\t\t\t<div class=\"elementor-widget-container\">\n\t\t\t\t\t\t\t\t\t\n<p id=\"viewer-8nesj\"><a href=\"https:\/\/smartmail.com.ar\/tl.php?p=2h6s\/1181\/rs\/828\/86m\/rs\/Inscripci%C3%B3n\/https%3A%2F%2Fdocs.google.com%2Fforms%2Fd%2Fe%2F1FAIpQLSfoSwZk_erHIRB0_kCRS1SAeNp3CKVIMqofNi9nvMVNuL0CJQ%2Fviewform%3Fusp%3Dsf_link\" target=\"_blank\" rel=\"noreferrer noopener\"><strong><br>2\u00ba Encuentro sobre la Cultura de la Rep\u00fablica de Corea<\/strong><\/a><\/p>\n\n\n\n<p id=\"viewer-3jc64\"><strong>Mi\u00e9rcoles 16 de agosto, 18.00 horas<\/strong><\/p>\n\n\n\n<figure class=\"wp-block-image\"><img fetchpriority=\"high\" decoding=\"async\" width=\"350\" height=\"201\" src=\"https:\/\/estudioscoreanos.com\/wp-content\/uploads\/2023\/09\/image-67.jpeg\" alt=\"\" class=\"wp-image-2032\" srcset=\"https:\/\/estudioscoreanos.com\/wp-content\/uploads\/2023\/09\/image-67.jpeg 350w, https:\/\/estudioscoreanos.com\/wp-content\/uploads\/2023\/09\/image-67-300x172.jpeg 300w\" sizes=\"(max-width: 350px) 100vw, 350px\" \/><\/figure>\n\n\n\n<p id=\"viewer-dfsjd\">Organizado por el Grupo de Trabajo sobre Corea del Comit\u00e9 de Asuntos Asi\u00e1ticos<\/p>\n\n\n\n<p id=\"viewer-d1upr\">Actividad virtual<\/p>\n\n\n\n<p id=\"viewer-efe0d\">Coordinadora<\/p>\n\n\n\n<p id=\"viewer-elamh\"><strong>Mercedes S. Giuffr\u00e9<\/strong><\/p>\n\n\n\n<p id=\"viewer-8a774\">18.00 horas<\/p>\n\n\n\n<p id=\"viewer-d2k6c\">Palabras de apertura<\/p>\n\n\n\n<p id=\"viewer-556b8\"><strong>Jos\u00e9 Octavio Bord\u00f3n<\/strong> Presidente del CARI<\/p>\n\n\n\n<p id=\"viewer-aj8gb\">Palabras del Sr. Embajador de la Rep\u00fablica de Corea, Yongsoo Lee<\/p>\n\n\n\n<p id=\"viewer-97fdn\">18.20 horas<\/p>\n\n\n\n<p id=\"viewer-4g6vu\">Simplemente Hangeul (escritura coreana)<\/p>\n\n\n\n<p id=\"viewer-2gbdj\"><strong>Jiye Kim<\/strong><\/p>\n\n\n\n<p id=\"viewer-avq9r\">18.40 horas<\/p>\n\n\n\n<p id=\"viewer-ajt8s\">HANSIK: Han=Corea, Sik=Comida. La Gastronom\u00eda Coreana<\/p>\n\n\n\n<p id=\"viewer-7mb12\"><strong>Sandra Lee<\/strong><\/p>\n\n\n\n<p id=\"viewer-d659i\">19.00 horas<\/p>\n\n\n\n<p id=\"viewer-2dnne\">Magia y simbolog\u00eda de las m\u00e1scaras Hahoe en Andong<\/p>\n\n\n\n<p id=\"viewer-99dlm\"><strong>Mercedes S. Giuffr\u00e9<\/strong><\/p>\n\n\n\n<p id=\"viewer-2e39s\">19.20 horas<\/p>\n\n\n\n<p id=\"viewer-8jnta\">Palabras de cierre<\/p>\n\n\n\n<p id=\"viewer-a6apm\"><strong>Jorge Malena<\/strong> Director del Comit\u00e9 de Asuntos Asi\u00e1ticos del CARI<\/p>\n\n\n\n<p id=\"viewer-76ib9\">Moderadora<\/p>\n\n\n\n<p id=\"viewer-465li\"><strong>Liliana Palacios<\/strong><\/p>\n\n\n\n<p id=\"viewer-f7acr\"><a href=\"https:\/\/docs.google.com\/forms\/d\/e\/1FAIpQLSfoSwZk_erHIRB0_kCRS1SAeNp3CKVIMqofNi9nvMVNuL0CJQ\/viewform\" target=\"_blank\" rel=\"noreferrer noopener\"><strong>INSCRIPCI\u00d3N<\/strong><\/a><\/p>\n\n\n\n<p id=\"viewer-flfg8\">CARI \/ Uruguay 1037, piso 1\u00b0, C1016ACA Buenos Aires, Argentina \/ Tel\u00e9fono (0054-11) 4811-0071 al 74 \/ Fax (0054-11) 4815-4742<\/p>\n\n\n\n<p id=\"viewer-48let\">Entrada no marcada como Me Gusta<\/p>\n\t\t\t\t\t\t\t\t<\/div>\n\t\t\t\t<\/div>\n\t\t\t\t\t<\/div>\n\t\t<\/div>\n\t\t\t\t\t<\/div>\n\t\t<\/section>\n\t\t\t\t<\/div>\n\t\t","protected":false},"excerpt":{"rendered":"<p>2\u00ba Encuentro sobre la Cultura de la Rep\u00fablica de Corea Mi\u00e9rcoles 16 de agosto, 18.00 horas Organizado por el Grupo de Trabajo sobre Corea del Comit\u00e9 de Asuntos Asi\u00e1ticos Actividad virtual Coordinadora Mercedes S. Giuffr\u00e9 18.00 horas Palabras de apertura Jos\u00e9 Octavio Bord\u00f3n Presidente del CARI Palabras del Sr. Embajador de la Rep\u00fablica de Corea, &hellip;<\/p>\n<p class=\"read-more\"> <a class=\"\" href=\"https:\/\/estudioscoreanos.com\/index.php\/2023\/09\/09\/2o-encuentro-sobre-la-cultura-de-la-republica-de-corea\/\"> <span class=\"screen-reader-text\">2\u00ba Encuentro sobre la Cultura de la Rep\u00fablica de Corea<\/span> Leer m\u00e1s &raquo;<\/a><\/p>\n","protected":false},"author":1,"featured_media":2032,"comment_status":"open","ping_status":"open","sticky":false,"template":"","format":"standard","meta":{"_monsterinsights_skip_tracking":false,"_monsterinsights_sitenote_active":false,"_monsterinsights_sitenote_note":"","_monsterinsights_sitenote_category":0,"site-sidebar-layout":"default","site-content-layout":"","ast-site-content-layout":"default","site-content-style":"default","site-sidebar-style":"default","ast-global-header-display":"","ast-banner-title-visibility":"","ast-main-header-display":"","ast-hfb-above-header-display":"","ast-hfb-below-header-display":"","ast-hfb-mobile-header-display":"","site-post-title":"","ast-breadcrumbs-content":"","ast-featured-img":"disabled","footer-sml-layout":"","theme-transparent-header-meta":"","adv-header-id-meta":"","stick-header-meta":"","header-above-stick-meta":"","header-main-stick-meta":"","header-below-stick-meta":"","astra-migrate-meta-layouts":"set","footnotes":""},"categories":[1],"tags":[],"aioseo_notices":[],"rttpg_featured_image_url":{"full":["https:\/\/estudioscoreanos.com\/wp-content\/uploads\/2023\/09\/image-67.jpeg",350,201,false],"landscape":["https:\/\/estudioscoreanos.com\/wp-content\/uploads\/2023\/09\/image-67.jpeg",350,201,false],"portraits":["https:\/\/estudioscoreanos.com\/wp-content\/uploads\/2023\/09\/image-67.jpeg",350,201,false],"thumbnail":["https:\/\/estudioscoreanos.com\/wp-content\/uploads\/2023\/09\/image-67-150x150.jpeg",150,150,true],"medium":["https:\/\/estudioscoreanos.com\/wp-content\/uploads\/2023\/09\/image-67-300x172.jpeg",300,172,true],"large":["https:\/\/estudioscoreanos.com\/wp-content\/uploads\/2023\/09\/image-67.jpeg",350,201,false],"1536x1536":["https:\/\/estudioscoreanos.com\/wp-content\/uploads\/2023\/09\/image-67.jpeg",350,201,false],"2048x2048":["https:\/\/estudioscoreanos.com\/wp-content\/uploads\/2023\/09\/image-67.jpeg",350,201,false]},"rttpg_author":{"display_name":"estudioscoreanos.com","author_link":"https:\/\/estudioscoreanos.com\/index.php\/author\/estudioscoreanos-com\/"},"rttpg_comment":3,"rttpg_category":"<a href=\"https:\/\/estudioscoreanos.com\/index.php\/category\/blog\/\" rel=\"category tag\">Blog<\/a>","rttpg_excerpt":"2\u00ba Encuentro sobre la Cultura de la Rep\u00fablica de Corea Mi\u00e9rcoles 16 de agosto, 18.00 horas Organizado por el Grupo de Trabajo sobre Corea del Comit\u00e9 de Asuntos Asi\u00e1ticos Actividad virtual Coordinadora Mercedes S. Giuffr\u00e9 18.00 horas Palabras de apertura Jos\u00e9 Octavio Bord\u00f3n Presidente del CARI Palabras del Sr. Embajador de la Rep\u00fablica de Corea,&hellip;","_links":{"self":[{"href":"https:\/\/estudioscoreanos.com\/index.php\/wp-json\/wp\/v2\/posts\/2031"}],"collection":[{"href":"https:\/\/estudioscoreanos.com\/index.php\/wp-json\/wp\/v2\/posts"}],"about":[{"href":"https:\/\/estudioscoreanos.com\/index.php\/wp-json\/wp\/v2\/types\/post"}],"author":[{"embeddable":true,"href":"https:\/\/estudioscoreanos.com\/index.php\/wp-json\/wp\/v2\/users\/1"}],"replies":[{"embeddable":true,"href":"https:\/\/estudioscoreanos.com\/index.php\/wp-json\/wp\/v2\/comments?post=2031"}],"version-history":[{"count":4,"href":"https:\/\/estudioscoreanos.com\/index.php\/wp-json\/wp\/v2\/posts\/2031\/revisions"}],"predecessor-version":[{"id":2241,"href":"https:\/\/estudioscoreanos.com\/index.php\/wp-json\/wp\/v2\/posts\/2031\/revisions\/2241"}],"wp:featuredmedia":[{"embeddable":true,"href":"https:\/\/estudioscoreanos.com\/index.php\/wp-json\/wp\/v2\/media\/2032"}],"wp:attachment":[{"href":"https:\/\/estudioscoreanos.com\/index.php\/wp-json\/wp\/v2\/media?parent=2031"}],"wp:term":[{"taxonomy":"category","embeddable":true,"href":"https:\/\/estudioscoreanos.com\/index.php\/wp-json\/wp\/v2\/categories?post=2031"},{"taxonomy":"post_tag","embeddable":true,"href":"https:\/\/estudioscoreanos.com\/index.php\/wp-json\/wp\/v2\/tags?post=2031"}],"curies":[{"name":"wp","href":"https:\/\/api.w.org\/{rel}","templated":true}]}}