{"id":1922,"date":"2023-09-09T18:35:17","date_gmt":"2023-09-09T21:35:17","guid":{"rendered":"https:\/\/estudioscoreanos.com\/?p=1922"},"modified":"2023-09-09T18:35:17","modified_gmt":"2023-09-09T21:35:17","slug":"miradas-sobre-corea","status":"publish","type":"post","link":"https:\/\/estudioscoreanos.com\/index.php\/2023\/09\/09\/miradas-sobre-corea\/","title":{"rendered":"Miradas sobre Corea"},"content":{"rendered":"\n<p id=\"viewer-4bpi1\"><strong>V Seminario organizado por el Grupo de Trabajo sobre Corea del Comit\u00e9 de Asuntos Asi\u00e1ticos del CARI<\/strong><\/p>\n\n\n\n<figure class=\"wp-block-image\"><img fetchpriority=\"high\" decoding=\"async\" width=\"566\" height=\"318\" src=\"https:\/\/estudioscoreanos.com\/wp-content\/uploads\/2023\/09\/image-29.jpeg\" alt=\"\" class=\"wp-image-1923\" srcset=\"https:\/\/estudioscoreanos.com\/wp-content\/uploads\/2023\/09\/image-29.jpeg 566w, https:\/\/estudioscoreanos.com\/wp-content\/uploads\/2023\/09\/image-29-300x169.jpeg 300w\" sizes=\"(max-width: 566px) 100vw, 566px\" \/><\/figure>\n\n\n\n<p id=\"viewer-fu4vt\"><strong>Jueves 17 de septiembre, 16.00 horas<\/strong><\/p>\n\n\n\n<p id=\"viewer-b23uq\"><strong>Miradas sobre Corea<\/strong><\/p>\n\n\n\n<p id=\"viewer-569se\"><strong>V Seminario organizado por el Grupo de Trabajo sobre Corea del Comit\u00e9 de Asuntos Asi\u00e1ticos del CARI<\/strong><\/p>\n\n\n\n<p id=\"viewer-974sj\"><strong>16.00 horas<\/strong><\/p>\n\n\n\n<p id=\"viewer-f89me\"><strong>Palabras de apertura<\/strong><\/p>\n\n\n\n<p id=\"viewer-a4b9t\"><strong>Eduardo Sadous Embajador. Director del Comit\u00e9 de Asuntos Asi\u00e1ticos del CARI<\/strong><\/p>\n\n\n\n<p id=\"viewer-7ergu\"><strong>16.05 horas<\/strong><\/p>\n\n\n\n<p id=\"viewer-drbue\"><strong>Presentaci\u00f3n del Seminario<\/strong><\/p>\n\n\n\n<p id=\"viewer-10mef\"><strong>Mercedes S. Giuffr\u00e9 Coordinadora del Grupo Corea del Comit\u00e9 de Asuntos Asi\u00e1ticos del CARI<\/strong><\/p>\n\n\n\n<p id=\"viewer-3hjei\"><strong>16.10 horas<\/strong><\/p>\n\n\n\n<p id=\"viewer-cek8j\"><strong>La lengua catalana en el entorno universitario de Corea del Sur<\/strong><\/p>\n\n\n\n<p id=\"viewer-8isq0\"><strong>Moises Stankovich Isern Universidad de Barcelona, Espa\u00f1a<\/strong><\/p>\n\n\n\n<p id=\"viewer-3r8ip\"><strong>16.30 horas<\/strong><\/p>\n\n\n\n<p id=\"viewer-nr04\"><strong>El Conflicto Coreano 1950-1970, visiones desde Argentina<\/strong><\/p>\n\n\n\n<p id=\"viewer-1vqsg\"><strong>Miguel Antonio Candia UNC \u2013 Miembro de la Asociaci\u00f3n Argentina de Estudios Coreanos (AAEC)<\/strong><\/p>\n\n\n\n<p id=\"viewer-ell0f\"><strong>Francisco Tita UNC \u2013 Miembro de la Asociaci\u00f3n Argentina de Estudios Coreanos (AAEC)<\/strong><\/p>\n\n\n\n<p id=\"viewer-6u4g1\"><strong>16.50 horas<\/strong><\/p>\n\n\n\n<p id=\"viewer-47p8i\"><strong>El Eurocentrismo y los estudios coreanos en Am\u00e9rica Latina: algunas reflexiones<\/strong><\/p>\n\n\n\n<p id=\"viewer-2h9nm\"><strong>Luciano Lanare UNLP \u2013 Miembro de la Asociaci\u00f3n Argentina de Estudios Coreanos (AAEC)<\/strong><\/p>\n\n\n\n<p id=\"viewer-ejuvk\"><strong>17.10 horas<\/strong><\/p>\n\n\n\n<p id=\"viewer-ah3gf\"><strong>Corea del Sur en los Sistemas de los EEUU durante la Guerra Fr\u00eda (1947\u20131991) y en la geopol\u00edtica actual de los EEUU<\/strong><\/p>\n\n\n\n<p id=\"viewer-de437\"><strong>H\u00e9ctor Agust\u00edn Arrosio UNMdP<\/strong><\/p>\n\n\n\n<p id=\"viewer-egjda\"><strong>17.30 horas<\/strong><\/p>\n\n\n\n<p id=\"viewer-mu0d\"><strong>El &#8220;International Forum on One Korea&#8221; del 15 de agosto de 2020, explora una prospectiva de la reunificaci\u00f3n de ambas Coreas<\/strong><\/p>\n\n\n\n<p id=\"viewer-e9pra\"><strong>Mercedes S. Giuffr\u00e9 UNMdP \u2013 CECCHI. Miembro de la Asociaci\u00f3n Argentina de Estudios Coreanos (AAEC)<\/strong><\/p>\n\n\n\n<p id=\"viewer-4c293\"><strong>17.50 horas<\/strong><\/p>\n\n\n\n<p id=\"viewer-6pph8\"><strong>Preguntas<\/strong><\/p>\n\n\n\n<p id=\"viewer-1i1mb\"><strong>18.05 horas<\/strong><\/p>\n\n\n\n<p id=\"viewer-5rnmf\"><strong>Cierre<\/strong><\/p>\n\n\n\n<p id=\"viewer-6ng5u\"><strong>Moderadora: Liliana Palacios, Presidente de la Asociaci\u00f3n Argentina de Estudios Coreanos (AAEC)<\/strong><\/p>\n\n\n\n<p id=\"viewer-602vv\"><a href=\"http:\/\/docs.google.com\/forms\/d\/e\/1FAIpQLSdEJdt2KXqKMG0LZSdo2OZL8QiKg7V5lV7w43X32APiisQt2Q\/viewform\" target=\"_blank\" rel=\"noreferrer noopener\"><strong>INSCRIPCIONES<\/strong><\/a><\/p>\n","protected":false},"excerpt":{"rendered":"<p>V Seminario organizado por el Grupo de Trabajo sobre Corea del Comit\u00e9 de Asuntos Asi\u00e1ticos del CARI Jueves 17 de septiembre, 16.00 horas Miradas sobre Corea V Seminario organizado por el Grupo de Trabajo sobre Corea del Comit\u00e9 de Asuntos Asi\u00e1ticos del CARI 16.00 horas Palabras de apertura Eduardo Sadous Embajador. Director del Comit\u00e9 de &hellip;<\/p>\n<p class=\"read-more\"> <a class=\"\" href=\"https:\/\/estudioscoreanos.com\/index.php\/2023\/09\/09\/miradas-sobre-corea\/\"> <span class=\"screen-reader-text\">Miradas sobre Corea<\/span> Leer m\u00e1s &raquo;<\/a><\/p>\n","protected":false},"author":1,"featured_media":0,"comment_status":"open","ping_status":"open","sticky":false,"template":"","format":"standard","meta":{"_monsterinsights_skip_tracking":false,"_monsterinsights_sitenote_active":false,"_monsterinsights_sitenote_note":"","_monsterinsights_sitenote_category":0,"site-sidebar-layout":"default","site-content-layout":"","ast-site-content-layout":"default","site-content-style":"default","site-sidebar-style":"default","ast-global-header-display":"","ast-banner-title-visibility":"","ast-main-header-display":"","ast-hfb-above-header-display":"","ast-hfb-below-header-display":"","ast-hfb-mobile-header-display":"","site-post-title":"","ast-breadcrumbs-content":"","ast-featured-img":"","footer-sml-layout":"","theme-transparent-header-meta":"","adv-header-id-meta":"","stick-header-meta":"","header-above-stick-meta":"","header-main-stick-meta":"","header-below-stick-meta":"","astra-migrate-meta-layouts":"set","footnotes":""},"categories":[1],"tags":[],"aioseo_notices":[],"rttpg_featured_image_url":null,"rttpg_author":{"display_name":"estudioscoreanos.com","author_link":"https:\/\/estudioscoreanos.com\/index.php\/author\/estudioscoreanos-com\/"},"rttpg_comment":4,"rttpg_category":"<a href=\"https:\/\/estudioscoreanos.com\/index.php\/category\/blog\/\" rel=\"category tag\">Blog<\/a>","rttpg_excerpt":"V Seminario organizado por el Grupo de Trabajo sobre Corea del Comit\u00e9 de Asuntos Asi\u00e1ticos del CARI Jueves 17 de septiembre, 16.00 horas Miradas sobre Corea V Seminario organizado por el Grupo de Trabajo sobre Corea del Comit\u00e9 de Asuntos Asi\u00e1ticos del CARI 16.00 horas Palabras de apertura Eduardo Sadous Embajador. Director del Comit\u00e9 de&hellip;","_links":{"self":[{"href":"https:\/\/estudioscoreanos.com\/index.php\/wp-json\/wp\/v2\/posts\/1922"}],"collection":[{"href":"https:\/\/estudioscoreanos.com\/index.php\/wp-json\/wp\/v2\/posts"}],"about":[{"href":"https:\/\/estudioscoreanos.com\/index.php\/wp-json\/wp\/v2\/types\/post"}],"author":[{"embeddable":true,"href":"https:\/\/estudioscoreanos.com\/index.php\/wp-json\/wp\/v2\/users\/1"}],"replies":[{"embeddable":true,"href":"https:\/\/estudioscoreanos.com\/index.php\/wp-json\/wp\/v2\/comments?post=1922"}],"version-history":[{"count":1,"href":"https:\/\/estudioscoreanos.com\/index.php\/wp-json\/wp\/v2\/posts\/1922\/revisions"}],"predecessor-version":[{"id":1924,"href":"https:\/\/estudioscoreanos.com\/index.php\/wp-json\/wp\/v2\/posts\/1922\/revisions\/1924"}],"wp:attachment":[{"href":"https:\/\/estudioscoreanos.com\/index.php\/wp-json\/wp\/v2\/media?parent=1922"}],"wp:term":[{"taxonomy":"category","embeddable":true,"href":"https:\/\/estudioscoreanos.com\/index.php\/wp-json\/wp\/v2\/categories?post=1922"},{"taxonomy":"post_tag","embeddable":true,"href":"https:\/\/estudioscoreanos.com\/index.php\/wp-json\/wp\/v2\/tags?post=1922"}],"curies":[{"name":"wp","href":"https:\/\/api.w.org\/{rel}","templated":true}]}}