{"id":1904,"date":"2023-09-09T18:32:38","date_gmt":"2023-09-09T21:32:38","guid":{"rendered":"https:\/\/estudioscoreanos.com\/?p=1904"},"modified":"2023-09-09T18:32:38","modified_gmt":"2023-09-09T21:32:38","slug":"conoce-las-actividades-del-centro-cultural-coreano-junio","status":"publish","type":"post","link":"https:\/\/estudioscoreanos.com\/index.php\/2023\/09\/09\/conoce-las-actividades-del-centro-cultural-coreano-junio\/","title":{"rendered":"CONOC\u00c9 LAS ACTIVIDADES DEL CENTRO CULTURAL COREANO (Junio)"},"content":{"rendered":"\n<figure class=\"wp-block-image\"><img fetchpriority=\"high\" decoding=\"async\" width=\"350\" height=\"350\" src=\"https:\/\/estudioscoreanos.com\/wp-content\/uploads\/2023\/09\/image-20.png\" alt=\"\" class=\"wp-image-1908\" srcset=\"https:\/\/estudioscoreanos.com\/wp-content\/uploads\/2023\/09\/image-20.png 350w, https:\/\/estudioscoreanos.com\/wp-content\/uploads\/2023\/09\/image-20-300x300.png 300w, https:\/\/estudioscoreanos.com\/wp-content\/uploads\/2023\/09\/image-20-150x150.png 150w\" sizes=\"(max-width: 350px) 100vw, 350px\" \/><\/figure>\n\n\n\n<p id=\"viewer-dk0rk\"><strong>Nuevo Concurso KPOP Latinoam\u00e9rica &#8220;LA BATALLA&#8221;<\/strong><\/p>\n\n\n\n<p id=\"viewer-epg1p\">Fecha de inscripci\u00f3n: hasta el 31 de agosto de 2020.<\/p>\n\n\n\n<p id=\"viewer-8ncbv\">El Centro Cultural Coreano anuncia que el per\u00edodo de inscripci\u00f3n para el Concurso K-POP se ha extendido hasta el 31 de agosto ante el contexto de pandemia y la cuarentena aplicada en territorio argentino.<\/p>\n\n\n\n<p id=\"viewer-aplug\">Los y las participantes tendr\u00e1n m\u00e1s tiempo para entrenar y mejorar. Comprendemos que la situaci\u00f3n no es la ideal, pero esperemos poder superar este momento todos juntos y con los cuidados responsables que corresponden..<\/p>\n\n\n\n<p id=\"viewer-abu80\">Bases y condiciones.<\/p>\n\n\n\n<p id=\"viewer-53gj0\">Inscripciones hasta el 31 de agosto de 2020 a trav\u00e9s de<a href=\"http:\/\/www.concursokpop-latinoamerica.com\/\" target=\"_blank\" rel=\"noreferrer noopener\"> www.concursokpop-latinoamerica.com<\/a><\/p>\n\n\n\n<figure class=\"wp-block-image\"><img decoding=\"async\" width=\"350\" height=\"350\" src=\"https:\/\/estudioscoreanos.com\/wp-content\/uploads\/2023\/09\/image-19.png\" alt=\"\" class=\"wp-image-1907\" srcset=\"https:\/\/estudioscoreanos.com\/wp-content\/uploads\/2023\/09\/image-19.png 350w, https:\/\/estudioscoreanos.com\/wp-content\/uploads\/2023\/09\/image-19-300x300.png 300w, https:\/\/estudioscoreanos.com\/wp-content\/uploads\/2023\/09\/image-19-150x150.png 150w\" sizes=\"(max-width: 350px) 100vw, 350px\" \/><\/figure>\n\n\n\n<p id=\"viewer-abeq8\"><strong>Ciclo &#8220;Corea M\u00e1s Cerca&#8221;<\/strong><\/p>\n\n\n\n<p id=\"viewer-a3qnh\"><strong>Pol\u00edticas culturales del CCC<\/strong><\/p>\n\n\n\n<p id=\"viewer-670pq\">El ciclo Corea M\u00e1s Cerca present\u00f3 &#8220;Pol\u00edtica cultural del Centro Cultural Coreano&#8221;, una charla sobre la gesti\u00f3n cultural del CCC, sus principales actividades y l\u00edneas de acci\u00f3n, el crecimiento del inter\u00e9s por la cultura coreana en Argentina, la relaci\u00f3n con otras instituciones, su nueva sede y m\u00e1s. Descubr\u00ed el trabajo que desde hace a\u00f1os realiza la principal usina de cultura coreana en Am\u00e9rica Latina.<\/p>\n\n\n\n<p id=\"viewer-h94l\">Charla a cargo de Gabriel Pressello (@gabipressello en IG), gestor cultural, encargado de relaciones institucionales y prensa del CCC.<\/p>\n\n\n\n<p id=\"viewer-b27ng\">Disponible en Instagram y en Youtube.<\/p>\n\n\n\n<figure class=\"wp-block-image\"><img decoding=\"async\" width=\"350\" height=\"245\" src=\"https:\/\/estudioscoreanos.com\/wp-content\/uploads\/2023\/09\/image-26.jpeg\" alt=\"\" class=\"wp-image-1905\" srcset=\"https:\/\/estudioscoreanos.com\/wp-content\/uploads\/2023\/09\/image-26.jpeg 350w, https:\/\/estudioscoreanos.com\/wp-content\/uploads\/2023\/09\/image-26-300x210.jpeg 300w\" sizes=\"(max-width: 350px) 100vw, 350px\" \/><\/figure>\n\n\n\n<p id=\"viewer-d8cku\"><strong>Ciclo &#8220;Corea M\u00e1s Cerca&#8221;<\/strong><\/p>\n\n\n\n<p id=\"viewer-el9li\"><strong>Historia de Corea<\/strong><\/p>\n\n\n\n<p id=\"viewer-aa7l2\">El ciclo Corea M\u00e1s Cerca ofrece en esta ocasi\u00f3n una charla online a trav\u00e9s de Instagram sobre historia de Corea.<\/p>\n\n\n\n<p id=\"viewer-e4lkj\">La charla estar\u00e1 a cargo de Paula Fern\u00e1ndez, licenciada en Estudios Orientales y una de las directoras de la Asociaci\u00f3n de Estudios Coreanos.<\/p>\n\n\n\n<p id=\"viewer-25kpu\">Abordaremos temas como la ca\u00edda de la dinast\u00eda Joseon, el avance de Occidente en la pen\u00ednsula y Corea bajo la ocupaci\u00f3n japonesa hasta la independencia.<\/p>\n\n\n\n<p id=\"viewer-u8of\">\u00bfCu\u00e1ndo? Jueves 11 de junio a las 17 hs.<\/p>\n\n\n\n<figure class=\"wp-block-image\"><img loading=\"lazy\" decoding=\"async\" width=\"350\" height=\"467\" src=\"https:\/\/estudioscoreanos.com\/wp-content\/uploads\/2023\/09\/image-27.jpeg\" alt=\"\" class=\"wp-image-1906\" srcset=\"https:\/\/estudioscoreanos.com\/wp-content\/uploads\/2023\/09\/image-27.jpeg 350w, https:\/\/estudioscoreanos.com\/wp-content\/uploads\/2023\/09\/image-27-225x300.jpeg 225w\" sizes=\"(max-width: 350px) 100vw, 350px\" \/><\/figure>\n\n\n\n<p id=\"viewer-ef1pn\"><strong>Charla online<\/strong><\/p>\n\n\n\n<p id=\"viewer-bkji6\"><strong>70\u00ba Aniversario de la Guerra de Corea<\/strong><\/p>\n\n\n\n<p id=\"viewer-bt1md\">El 25 de junio de 2020 se cumplen 70 a\u00f1os del comienzo de la Guerra de Corea, un enfrentamiento b\u00e9lico que marc\u00f3 a fuego la historia de la pen\u00ednsula. En una charla online a trav\u00e9s de Zoom, abordaremos la formaci\u00f3n de los Estados coreanos, la Guerra de Corea, el desarrollo econ\u00f3mico surcoreano, y las relaciones intercoreanas desde entonces hasta hoy.<\/p>\n\n\n\n<p id=\"viewer-bothl\">La charla estar\u00e1 a cargo de Luciano Dami\u00e1n Bolinaga (foto), experto en Relaciones Internacionales y Estudios de Asia y el Pac\u00edfico.<\/p>\n\n\n\n<p id=\"viewer-61r12\">\u00bfLa fecha? 25 de junio a las 19hs.<\/p>\n\n\n\n<p id=\"viewer-ak61o\">Las inscripciones ser\u00e1n a trav\u00e9s de nuestra pagina web.<\/p>\n\n\n\n<p id=\"viewer-4fn1p\"><strong>Gastronom\u00eda coreana<\/strong><\/p>\n\n\n\n<p id=\"viewer-28hls\">Clases online de cocina coreana<\/p>\n\n\n\n<p id=\"viewer-6i8ee\">Desde hace ya un tiempo, todos los viernes brindamos una clase de cocina coreana a cargo de Pablo Kim (@kim_bomsu en Instagram). Clases abiertas y gratuitas, la oportunidad perfecta para que aprendas lo mejor del arte culinario de Corea con el mejor de los profesores.<\/p>\n\n\n\n<p id=\"viewer-4qdba\">Unos d\u00edas antes publicamos las recetas e ingredientes para que puedan tener todo listo para la clase del viernes.<\/p>\n\n\n\n<p id=\"viewer-aoap7\">Acordate de seguirnos en Instagram y disfrut\u00e1 de los mejores platos coreanos.<\/p>\n\n\n\n<p id=\"viewer-9sh5u\">\u00a1Para chuparse los dedos!<\/p>\n\n\n\n<p id=\"viewer-2egq0\"><strong>Cursos de gastronom\u00eda coreana con Esteban Ho<\/strong><\/p>\n\n\n\n<p id=\"viewer-20cpi\">El Centro Cultural Coreano ofrece cursos virtuales de gastronom\u00eda coreana a trav\u00e9s de Zoom. El chef del restaurante coreano &#8220;Una Canci\u00f3n Coreana&#8221; (ubicado en el barrio de Flores, CABA), Esteban Ho, nos trae toda su experiencia para brindarnos lo mejor del arte culinario de Corea.<\/p>\n\n\n\n<p id=\"viewer-aqsnq\">Se trata de un curso con cupos limitados para que puedan seguir los pasos en detalle y puedan resolver todas sus dudas en forma personalizada.<\/p>\n\n\n\n<p id=\"viewer-6gran\"><strong>Cursos de idioma coreano del Instituto Sejong<\/strong><\/p>\n\n\n\n<p id=\"viewer-en2rn\">El Instituto Rey Sejong del Centro Cultural Coreano en Argentina da inicio a los cursos de idioma en modalidad virtual. Se trata de seis clases de nivel inicial en diferentes horarios.<\/p>\n\n\n\n<p id=\"viewer-9rvlm\">Las clases son dictadas en coreano y subidas todos los martes a la p\u00e1gina www.iksi.or.kr. La moderaci\u00f3n de la cursada ser\u00e1 tambi\u00e9n a trav\u00e9s de la p\u00e1gina web.<\/p>\n\n\n\n<p id=\"viewer-ebj55\">Solo para mayores de 16 a\u00f1os. \u00a1Cupos Limitados!<\/p>\n\n\n\n<p id=\"viewer-a9kir\">Encontr\u00e1 toda la informaci\u00f3n acerca del proceso de inscripci\u00f3n.<\/p>\n\n\n\n<p id=\"viewer-93ag0\"><strong>Taller de Hallyu online<\/strong><\/p>\n\n\n\n<p id=\"viewer-aj2u0\">Se trata de un taller virtual semanal gratuito sobre diferentes aspectos de la cultura coreana (comida, K-dramas, pel\u00edculas, K-pop). Los participantes podr\u00e1n conocer m\u00e1s sobre estos fen\u00f3menos en clases interactivas, que incluir\u00e1n presentaciones, videos especiales y un espacio de discusi\u00f3n.<\/p>\n\n\n\n<p id=\"viewer-8bbsi\">Se est\u00e1 dictando, actualmente, todos los jueves a trav\u00e9s de Zoom.<\/p>\n","protected":false},"excerpt":{"rendered":"<p>Nuevo Concurso KPOP Latinoam\u00e9rica &#8220;LA BATALLA&#8221; Fecha de inscripci\u00f3n: hasta el 31 de agosto de 2020. El Centro Cultural Coreano anuncia que el per\u00edodo de inscripci\u00f3n para el Concurso K-POP se ha extendido hasta el 31 de agosto ante el contexto de pandemia y la cuarentena aplicada en territorio argentino. Los y las participantes tendr\u00e1n &hellip;<\/p>\n<p class=\"read-more\"> <a class=\"\" href=\"https:\/\/estudioscoreanos.com\/index.php\/2023\/09\/09\/conoce-las-actividades-del-centro-cultural-coreano-junio\/\"> <span class=\"screen-reader-text\">CONOC\u00c9 LAS ACTIVIDADES DEL CENTRO CULTURAL COREANO (Junio)<\/span> Leer m\u00e1s &raquo;<\/a><\/p>\n","protected":false},"author":1,"featured_media":0,"comment_status":"open","ping_status":"open","sticky":false,"template":"","format":"standard","meta":{"_monsterinsights_skip_tracking":false,"_monsterinsights_sitenote_active":false,"_monsterinsights_sitenote_note":"","_monsterinsights_sitenote_category":0,"site-sidebar-layout":"default","site-content-layout":"","ast-site-content-layout":"default","site-content-style":"default","site-sidebar-style":"default","ast-global-header-display":"","ast-banner-title-visibility":"","ast-main-header-display":"","ast-hfb-above-header-display":"","ast-hfb-below-header-display":"","ast-hfb-mobile-header-display":"","site-post-title":"","ast-breadcrumbs-content":"","ast-featured-img":"","footer-sml-layout":"","theme-transparent-header-meta":"","adv-header-id-meta":"","stick-header-meta":"","header-above-stick-meta":"","header-main-stick-meta":"","header-below-stick-meta":"","astra-migrate-meta-layouts":"set","footnotes":""},"categories":[1],"tags":[],"aioseo_notices":[],"rttpg_featured_image_url":null,"rttpg_author":{"display_name":"estudioscoreanos.com","author_link":"https:\/\/estudioscoreanos.com\/index.php\/author\/estudioscoreanos-com\/"},"rttpg_comment":4,"rttpg_category":"<a href=\"https:\/\/estudioscoreanos.com\/index.php\/category\/blog\/\" rel=\"category tag\">Blog<\/a>","rttpg_excerpt":"Nuevo Concurso KPOP Latinoam\u00e9rica &#8220;LA BATALLA&#8221; Fecha de inscripci\u00f3n: hasta el 31 de agosto de 2020. El Centro Cultural Coreano anuncia que el per\u00edodo de inscripci\u00f3n para el Concurso K-POP se ha extendido hasta el 31 de agosto ante el contexto de pandemia y la cuarentena aplicada en territorio argentino. Los y las participantes tendr\u00e1n&hellip;","_links":{"self":[{"href":"https:\/\/estudioscoreanos.com\/index.php\/wp-json\/wp\/v2\/posts\/1904"}],"collection":[{"href":"https:\/\/estudioscoreanos.com\/index.php\/wp-json\/wp\/v2\/posts"}],"about":[{"href":"https:\/\/estudioscoreanos.com\/index.php\/wp-json\/wp\/v2\/types\/post"}],"author":[{"embeddable":true,"href":"https:\/\/estudioscoreanos.com\/index.php\/wp-json\/wp\/v2\/users\/1"}],"replies":[{"embeddable":true,"href":"https:\/\/estudioscoreanos.com\/index.php\/wp-json\/wp\/v2\/comments?post=1904"}],"version-history":[{"count":1,"href":"https:\/\/estudioscoreanos.com\/index.php\/wp-json\/wp\/v2\/posts\/1904\/revisions"}],"predecessor-version":[{"id":1909,"href":"https:\/\/estudioscoreanos.com\/index.php\/wp-json\/wp\/v2\/posts\/1904\/revisions\/1909"}],"wp:attachment":[{"href":"https:\/\/estudioscoreanos.com\/index.php\/wp-json\/wp\/v2\/media?parent=1904"}],"wp:term":[{"taxonomy":"category","embeddable":true,"href":"https:\/\/estudioscoreanos.com\/index.php\/wp-json\/wp\/v2\/categories?post=1904"},{"taxonomy":"post_tag","embeddable":true,"href":"https:\/\/estudioscoreanos.com\/index.php\/wp-json\/wp\/v2\/tags?post=1904"}],"curies":[{"name":"wp","href":"https:\/\/api.w.org\/{rel}","templated":true}]}}