{"id":1820,"date":"2023-09-09T18:10:51","date_gmt":"2023-09-09T21:10:51","guid":{"rendered":"https:\/\/estudioscoreanos.com\/?p=1820"},"modified":"2023-09-09T18:10:51","modified_gmt":"2023-09-09T21:10:51","slug":"seminario-de-desarrollo-de-la-colectividad-coreana-en-argentina","status":"publish","type":"post","link":"https:\/\/estudioscoreanos.com\/index.php\/2023\/09\/09\/seminario-de-desarrollo-de-la-colectividad-coreana-en-argentina\/","title":{"rendered":"SEMINARIO DE DESARROLLO DE LA COLECTIVIDAD COREANA EN ARGENTINA"},"content":{"rendered":"\n<p id=\"viewer-6adsa\"><strong>1. Resumen del Evento<\/strong><\/p>\n\n\n\n<p id=\"viewer-fdl03\">Horario: Jueves 20 de diciembre de 2018 a las 17:30 horas. Lugar: Centro Cultural Coreano (Maip\u00fa 972)<\/p>\n\n\n\n<p id=\"viewer-2nkvd\"><strong>a. Objetivos:<\/strong><\/p>\n\n\n\n<p id=\"viewer-ek2ru\">-Buscar la manera de poder progresar, la colectividad coreana, en la sociedad Argentina. -Dedicado a la 2\u00b0 y 3\u00b0 Generaci\u00f3n de los migrantes coreanos, integraci\u00f3n a la sociedad Argentina y preservaci\u00f3n de la identidad. -Resultado del progreso pol\u00edtico en corto-mediano plazo.<\/p>\n\n\n\n<p id=\"viewer-4vi32\"><strong>b. Cantidad de presentes estimados:<\/strong> 100 personas. -J\u00f3venes Argentinos con ascendencia coreana -Colectividad China y Japonesa.<\/p>\n\n\n\n<p id=\"viewer-7sn1t\"><strong>c. Organiza:<\/strong><\/p>\n\n\n\n<p id=\"viewer-3q49n\">Asociaci\u00f3n Civil de coreanos en la Argentina. <strong>d. Auspicia:<\/strong><\/p>\n\n\n\n<p id=\"viewer-1tg2s\">Overseas Koreans Foundation. Embajada de la Rep\u00fablica de Corea. Consejo Consultivo de Unif. Nacional de Corea Sector Latinoam\u00e9rica. C\u00e1mara Argentina de Comercio, Industria y Agropecuaria Coreana.<\/p>\n\n\n\n<p id=\"viewer-9ofbp\"><strong>2. Programa del Evento<\/strong><\/p>\n\n\n\n<p id=\"viewer-dehko\"><strong>a. 1\u00b0 Bloque: <\/strong>Conferencia (20 minutos) -Conf. Especial: Presidente de la CACIAC \u2013 Arq. Kim, Young Jun (20 minutos) &#8211; Mi Argentina y Corea <strong>b. 2\u00b0 Bloque:<\/strong> Debate con los panelistas (80 minutos) -Presentaci\u00f3n del video \u201cBuenos Aires Celebra Corea 2018\u201d (8 minutos) -Debate con los panelistas (72 minutos) <strong>c. 3\u00b0 Bloque: <\/strong>Catering (90 minutos) -Los presentes y los panelistas pueden disfrutar juntos del coffee break. -Presentaci\u00f3n Cultural: &#8211; Choi, Yoon Kang (Baile Tradicional Coreano), &#8211; Cristal Yoo (Tango Fusionado).<\/p>\n\n\n\n<p id=\"viewer-dnadv\"><strong>3. Detalles del evento<\/strong><\/p>\n\n\n\n<p id=\"viewer-cn2b3\">1) Debate con los panelistas<\/p>\n\n\n\n<p id=\"viewer-4s7r2\"><strong>a. Temas:<\/strong> -El progreso de las comunidades extranjeras en la Argentina. -El camino hacia el progreso de la comunidad coreana.<\/p>\n\n\n\n<p id=\"viewer-277n1\"><strong>b. Panelistas:<\/strong><\/p>\n\n\n\n<p id=\"viewer-a9hbj\">-Direcci\u00f3n Nacional de Migraciones- Dr. Horacio Garc\u00eda<\/p>\n\n\n\n<p id=\"viewer-b60hk\">-Asociaci\u00f3n Argentina de Estudios Coreanos- Vicepresidente Dra. Castiglione, Mar\u00eda Celeste<\/p>\n\n\n\n<p id=\"viewer-70q42\">-C\u00e1mara Argentina de Comercio, Industria y Agropecuaria Coreana- Presidente &#8211; Arq. Kim, Young Jun (Pedro)\u3147 Asociaci\u00f3n Coreana de estudiantes de medicina y enfermer\u00eda en la Argentina- Presidente \u2013 Ko, Ayelenc.<\/p>\n\n\n\n<p id=\"viewer-3sa0c\"><strong>Eje de debate para los panelistas<\/strong><\/p>\n\n\n\n<p id=\"viewer-75hd0\">-La posici\u00f3n que se encuentra la colectividad coreana en la sociedad Argentina.<\/p>\n\n\n\n<p id=\"viewer-7f030\">-El camino hacia el desarrollo de la comunidad coreana.<\/p>\n\n\n\n<p id=\"viewer-ckg43\"><strong>4. Cronograma del evento<\/strong><\/p>\n\n\n\n<figure class=\"wp-block-image\"><img decoding=\"async\" src=\"https:\/\/static.wixstatic.com\/media\/aed334_e49d903968684307bab62d7cc57f6d23~mv2.png\/v1\/fill\/w_566,h_376,al_c,q_85,usm_0.66_1.00_0.01,enc_auto\/aed334_e49d903968684307bab62d7cc57f6d23~mv2.png\" alt=\"\"\/><\/figure>\n","protected":false},"excerpt":{"rendered":"<p>1. Resumen del Evento Horario: Jueves 20 de diciembre de 2018 a las 17:30 horas. Lugar: Centro Cultural Coreano (Maip\u00fa 972) a. Objetivos: -Buscar la manera de poder progresar, la colectividad coreana, en la sociedad Argentina. -Dedicado a la 2\u00b0 y 3\u00b0 Generaci\u00f3n de los migrantes coreanos, integraci\u00f3n a la sociedad Argentina y preservaci\u00f3n de &hellip;<\/p>\n<p class=\"read-more\"> <a class=\"\" href=\"https:\/\/estudioscoreanos.com\/index.php\/2023\/09\/09\/seminario-de-desarrollo-de-la-colectividad-coreana-en-argentina\/\"> <span class=\"screen-reader-text\">SEMINARIO DE DESARROLLO DE LA COLECTIVIDAD COREANA EN ARGENTINA<\/span> Leer m\u00e1s &raquo;<\/a><\/p>\n","protected":false},"author":1,"featured_media":0,"comment_status":"open","ping_status":"open","sticky":false,"template":"","format":"standard","meta":{"_monsterinsights_skip_tracking":false,"_monsterinsights_sitenote_active":false,"_monsterinsights_sitenote_note":"","_monsterinsights_sitenote_category":0,"site-sidebar-layout":"default","site-content-layout":"","ast-site-content-layout":"default","site-content-style":"default","site-sidebar-style":"default","ast-global-header-display":"","ast-banner-title-visibility":"","ast-main-header-display":"","ast-hfb-above-header-display":"","ast-hfb-below-header-display":"","ast-hfb-mobile-header-display":"","site-post-title":"","ast-breadcrumbs-content":"","ast-featured-img":"","footer-sml-layout":"","theme-transparent-header-meta":"","adv-header-id-meta":"","stick-header-meta":"","header-above-stick-meta":"","header-main-stick-meta":"","header-below-stick-meta":"","astra-migrate-meta-layouts":"set","footnotes":""},"categories":[1],"tags":[],"aioseo_notices":[],"rttpg_featured_image_url":null,"rttpg_author":{"display_name":"estudioscoreanos.com","author_link":"https:\/\/estudioscoreanos.com\/index.php\/author\/estudioscoreanos-com\/"},"rttpg_comment":6,"rttpg_category":"<a href=\"https:\/\/estudioscoreanos.com\/index.php\/category\/blog\/\" rel=\"category tag\">Blog<\/a>","rttpg_excerpt":"1. Resumen del Evento Horario: Jueves 20 de diciembre de 2018 a las 17:30 horas. Lugar: Centro Cultural Coreano (Maip\u00fa 972) a. Objetivos: -Buscar la manera de poder progresar, la colectividad coreana, en la sociedad Argentina. -Dedicado a la 2\u00b0 y 3\u00b0 Generaci\u00f3n de los migrantes coreanos, integraci\u00f3n a la sociedad Argentina y preservaci\u00f3n de&hellip;","_links":{"self":[{"href":"https:\/\/estudioscoreanos.com\/index.php\/wp-json\/wp\/v2\/posts\/1820"}],"collection":[{"href":"https:\/\/estudioscoreanos.com\/index.php\/wp-json\/wp\/v2\/posts"}],"about":[{"href":"https:\/\/estudioscoreanos.com\/index.php\/wp-json\/wp\/v2\/types\/post"}],"author":[{"embeddable":true,"href":"https:\/\/estudioscoreanos.com\/index.php\/wp-json\/wp\/v2\/users\/1"}],"replies":[{"embeddable":true,"href":"https:\/\/estudioscoreanos.com\/index.php\/wp-json\/wp\/v2\/comments?post=1820"}],"version-history":[{"count":1,"href":"https:\/\/estudioscoreanos.com\/index.php\/wp-json\/wp\/v2\/posts\/1820\/revisions"}],"predecessor-version":[{"id":1821,"href":"https:\/\/estudioscoreanos.com\/index.php\/wp-json\/wp\/v2\/posts\/1820\/revisions\/1821"}],"wp:attachment":[{"href":"https:\/\/estudioscoreanos.com\/index.php\/wp-json\/wp\/v2\/media?parent=1820"}],"wp:term":[{"taxonomy":"category","embeddable":true,"href":"https:\/\/estudioscoreanos.com\/index.php\/wp-json\/wp\/v2\/categories?post=1820"},{"taxonomy":"post_tag","embeddable":true,"href":"https:\/\/estudioscoreanos.com\/index.php\/wp-json\/wp\/v2\/tags?post=1820"}],"curies":[{"name":"wp","href":"https:\/\/api.w.org\/{rel}","templated":true}]}}